{"id":13200,"date":"2026-01-12T13:31:02","date_gmt":"2026-01-12T11:31:02","guid":{"rendered":"https:\/\/lingottomusica.it\/?post_type=news&#038;p=13200"},"modified":"2026-01-12T15:19:12","modified_gmt":"2026-01-12T13:19:12","slug":"pierre-laurent-aimard-makes-his-debut-at-lingotto-with-two-mozart-masterpieces","status":"publish","type":"news","link":"https:\/\/lingottomusica.it\/en\/news\/pierre-laurent-aimard-makes-his-debut-at-lingotto-with-two-mozart-masterpieces\/","title":{"rendered":"Pierre-Laurent Aimard makes his debut at Lingotto with two Mozart masterpieces"},"content":{"rendered":"<p data-start=\"134\" data-end=\"879\"><a href=\"https:\/\/pierrelaurentaimard.com\/\"><strong>Pierre-Laurent Aimard<\/strong><\/a> and the <a href=\"https:\/\/camerata.at\/en\"><strong>CAMERATA Salzburg<\/strong><\/a>, led by concertmaster <strong>Giovanni Guzzo<\/strong>, comes\u2014on <strong><a href=\"https:\/\/lingottomusica.it\/en\/evento\/camerata-salzburg-3\/\">Tuesday 27 January<\/a> at 8:30 p.m. at the Auditorium Giovanni Agnelli<\/strong>\u2014with a programme devoted entirely to Viennese Classicism. The eclectic French pianist makes his debut at Lingotto Musica with two <strong>Mozart<\/strong> piano concertos \u2014 the No. 27 in B-flat major, K. 595, and the No. 17 in G major, K. 453. The dramatic Overture from <em data-start=\"643\" data-end=\"665\">L\u2019anima del filosofo<\/em> by Franz Joseph <strong>Haydn<\/strong> opens the evening, preparing the expressive ground for the Mozartian journey, while a selection of orchestral Minuets, K. 599, completes the programme, offering a moment of elegant lightness.<\/p>\n<p data-start=\"881\" data-end=\"1838\">Studing with Yvonne Loriod and working with Pierre Boulez, Pierre-Laurent Aimard has forged a unique career, embracing both classical and contemporary repertoire. A reference pianist of our time, he has developed close relationships with Messiaen, Kurt\u00e1g, Ligeti, Carter, Lachenmann, Stockhausen and Benjamin. Over his wide-ranging career he has collaborated with the world\u2019s leading orchestras and performed in the most prestigious concert halls. His interpretations\u2014honoured with Grammy and Gramophone Awards\u2014are distinguished by an analytical approach and programmes conceived as coherent musical journeys. His extensive discography ranges from Bach to contemporary composers. Since 2007, Pierre-Laurent Aimard has been an exclusive Deutsche Grammophon artist.<\/p>\n<p data-start=\"1840\" data-end=\"2755\">One of the world\u2019s most prestigious chamber orchestras, the CAMERATA Salzburg performs regularly in the major concert halls as well as at the Mozarteum in Salzburg, where it presents its own concert season. Founded by Bernhard Paumgartner in 1952, it is one of the reference ensembles of the Salzburg Festival. Over more than seventy years of activity, it has collaborated with artists such as Alfred Brendel, Philippe Herreweghe, Sir John Eliot Gardiner, Manfred Honeck, Anne-Sophie Mutter, Teodor Currentzis, Faz\u0131l Say, Renaud Capu\u00e7on, Yuja Wang and H\u00e9l\u00e8ne Grimaud. The orchestra has also recorded more than sixty albums for Deutsche Grammophon, Decca, Sony and Warner Classics.<\/p>\n<p data-start=\"2757\" data-end=\"4372\">The evening opens with the <strong>Overture from <em data-start=\"2798\" data-end=\"2820\">L\u2019anima del filosofo<\/em><\/strong> by <strong>Franz Joseph Haydn<\/strong>, a dramatic page linked to the composer\u2019s final theatrical work. Left unfinished and never performed during his lifetime, it represents a curious reworking of the myth of Orpheus and Eurydice. The heart of the programme is entirely devoted to <strong>Wolfgang Amadeus Mozart<\/strong>, with two piano concertos belonging to the highest and most self-aware phase of his career. The <strong>Piano Concerto No. 27 in B-flat major, K. 595<\/strong>, is the last work of its kind composed by Mozart, marked by introspection and reflection. Its music looks beyond the brilliance of the eighteenth-century concerto, anticipating a lyrical and introspective dimension that would fully unfold in Romanticism. The <strong>Minuets, K. 599<\/strong>, return to a lighter, more convivial dimension. The <strong>Piano Concerto No. 17 in G major, K. 453<\/strong>, brings the journey to a close: the piano never dominates on the orchestra, engaging it in a continuous interplay of thematic echoes and transformations in which every instrument of the orchestra seems to take an active part in shaping the musical narrative.<\/p>\n<p data-start=\"2757\" data-end=\"4372\"><a href=\"https:\/\/lingottomusica.it\/en\/evento\/camerata-salzburg-3\/\"><strong>Info and Tickets<\/strong><\/a><\/p>\n<p><iframe title=\"Spotify Embed: Mozart: Piano Concerto No. 27 in B-Flat Major, Op. 17, K. 595: I. Allegro\" style=\"border-radius: 12px\" width=\"100%\" height=\"152\" frameborder=\"0\" allowfullscreen allow=\"autoplay; clipboard-write; encrypted-media; fullscreen; picture-in-picture\" loading=\"lazy\" src=\"https:\/\/open.spotify.com\/embed\/track\/6lpwx9zdQ0Ep87oCdrYVJE?si=99ee923ba7d94bee&amp;utm_source=oembed\"><\/iframe><\/p>\n","protected":false},"excerpt":{"rendered":"<p>On Tuesday, January 27th at the Auditorium Giovanni Agnelli. The programme celebrates the great Viennese Classicism, emerging from the collaboration between the French pianist and the CAMERATA Salzburg.<\/p>\n","protected":false},"featured_media":13071,"parent":0,"template":"","meta":{"_acf_changed":false},"categoria-eventi":[],"class_list":["post-13200","news","type-news","status-publish","has-post-thumbnail","hentry"],"acf":[],"yoast_head":"<!-- This site is optimized with the Yoast SEO plugin v27.4 - https:\/\/yoast.com\/product\/yoast-seo-wordpress\/ -->\n<title>Pierre-Laurent Aimard makes his debut at Lingotto with two Mozart masterpieces - Lingotto Musica<\/title>\n<meta name=\"description\" content=\"On Tuesday, January 27th at the Auditorium Giovanni Agnelli. The programme celebrates the Viennese Classicism, emerging from the collaboration between Pierre-Laurent Aimard and the CAMERATA Salzburg.\" \/>\n<meta name=\"robots\" content=\"index, follow, max-snippet:-1, max-image-preview:large, max-video-preview:-1\" \/>\n<link rel=\"canonical\" href=\"https:\/\/lingottomusica.it\/en\/news\/pierre-laurent-aimard-makes-his-debut-at-lingotto-with-two-mozart-masterpieces\/\" \/>\n<meta property=\"og:locale\" content=\"en_US\" \/>\n<meta property=\"og:type\" content=\"article\" \/>\n<meta property=\"og:title\" content=\"Pierre-Laurent Aimard makes his debut at Lingotto with two Mozart masterpieces - Lingotto Musica\" \/>\n<meta property=\"og:description\" content=\"On Tuesday, January 27th at the Auditorium Giovanni Agnelli. The programme celebrates the Viennese Classicism, emerging from the collaboration between Pierre-Laurent Aimard and the CAMERATA Salzburg.\" \/>\n<meta property=\"og:url\" content=\"https:\/\/lingottomusica.it\/en\/news\/pierre-laurent-aimard-makes-his-debut-at-lingotto-with-two-mozart-masterpieces\/\" \/>\n<meta property=\"og:site_name\" content=\"Lingotto Musica\" \/>\n<meta property=\"article:publisher\" content=\"https:\/\/www.facebook.com\/LingottoMusica\/\" \/>\n<meta property=\"article:modified_time\" content=\"2026-01-12T13:19:12+00:00\" \/>\n<meta property=\"og:image\" content=\"https:\/\/lingottomusica.it\/wp-content\/uploads\/2025\/04\/Airmand-496x420-1.png\" \/>\n\t<meta property=\"og:image:width\" content=\"496\" \/>\n\t<meta property=\"og:image:height\" content=\"420\" \/>\n\t<meta property=\"og:image:type\" content=\"image\/png\" \/>\n<meta name=\"twitter:card\" content=\"summary_large_image\" \/>\n<meta name=\"twitter:label1\" content=\"Est. reading time\" \/>\n\t<meta name=\"twitter:data1\" content=\"3 minutes\" \/>\n<script type=\"application\/ld+json\" class=\"yoast-schema-graph\">{\"@context\":\"https:\\\/\\\/schema.org\",\"@graph\":[{\"@type\":\"WebPage\",\"@id\":\"https:\\\/\\\/lingottomusica.it\\\/en\\\/news\\\/pierre-laurent-aimard-makes-his-debut-at-lingotto-with-two-mozart-masterpieces\\\/\",\"url\":\"https:\\\/\\\/lingottomusica.it\\\/en\\\/news\\\/pierre-laurent-aimard-makes-his-debut-at-lingotto-with-two-mozart-masterpieces\\\/\",\"name\":\"Pierre-Laurent Aimard makes his debut at Lingotto with two Mozart masterpieces - Lingotto Musica\",\"isPartOf\":{\"@id\":\"https:\\\/\\\/lingottomusica.it\\\/#website\"},\"primaryImageOfPage\":{\"@id\":\"https:\\\/\\\/lingottomusica.it\\\/en\\\/news\\\/pierre-laurent-aimard-makes-his-debut-at-lingotto-with-two-mozart-masterpieces\\\/#primaryimage\"},\"image\":{\"@id\":\"https:\\\/\\\/lingottomusica.it\\\/en\\\/news\\\/pierre-laurent-aimard-makes-his-debut-at-lingotto-with-two-mozart-masterpieces\\\/#primaryimage\"},\"thumbnailUrl\":\"https:\\\/\\\/lingottomusica.it\\\/wp-content\\\/uploads\\\/2025\\\/04\\\/Airmand-496x420-1.png\",\"datePublished\":\"2026-01-12T11:31:02+00:00\",\"dateModified\":\"2026-01-12T13:19:12+00:00\",\"description\":\"On Tuesday, January 27th at the Auditorium Giovanni Agnelli. The programme celebrates the Viennese Classicism, emerging from the collaboration between Pierre-Laurent Aimard and the CAMERATA Salzburg.\",\"breadcrumb\":{\"@id\":\"https:\\\/\\\/lingottomusica.it\\\/en\\\/news\\\/pierre-laurent-aimard-makes-his-debut-at-lingotto-with-two-mozart-masterpieces\\\/#breadcrumb\"},\"inLanguage\":\"en-US\",\"potentialAction\":[{\"@type\":\"ReadAction\",\"target\":[\"https:\\\/\\\/lingottomusica.it\\\/en\\\/news\\\/pierre-laurent-aimard-makes-his-debut-at-lingotto-with-two-mozart-masterpieces\\\/\"]}]},{\"@type\":\"ImageObject\",\"inLanguage\":\"en-US\",\"@id\":\"https:\\\/\\\/lingottomusica.it\\\/en\\\/news\\\/pierre-laurent-aimard-makes-his-debut-at-lingotto-with-two-mozart-masterpieces\\\/#primaryimage\",\"url\":\"https:\\\/\\\/lingottomusica.it\\\/wp-content\\\/uploads\\\/2025\\\/04\\\/Airmand-496x420-1.png\",\"contentUrl\":\"https:\\\/\\\/lingottomusica.it\\\/wp-content\\\/uploads\\\/2025\\\/04\\\/Airmand-496x420-1.png\",\"width\":496,\"height\":420,\"caption\":\"Aimard\"},{\"@type\":\"BreadcrumbList\",\"@id\":\"https:\\\/\\\/lingottomusica.it\\\/en\\\/news\\\/pierre-laurent-aimard-makes-his-debut-at-lingotto-with-two-mozart-masterpieces\\\/#breadcrumb\",\"itemListElement\":[{\"@type\":\"ListItem\",\"position\":1,\"name\":\"Home\",\"item\":\"https:\\\/\\\/lingottomusica.it\\\/en\\\/\"},{\"@type\":\"ListItem\",\"position\":2,\"name\":\"Pierre-Laurent Aimard makes his debut at Lingotto with two Mozart masterpieces\"}]},{\"@type\":\"WebSite\",\"@id\":\"https:\\\/\\\/lingottomusica.it\\\/#website\",\"url\":\"https:\\\/\\\/lingottomusica.it\\\/\",\"name\":\"Lingotto Musica\",\"description\":\"\",\"publisher\":{\"@id\":\"https:\\\/\\\/lingottomusica.it\\\/#organization\"},\"potentialAction\":[{\"@type\":\"SearchAction\",\"target\":{\"@type\":\"EntryPoint\",\"urlTemplate\":\"https:\\\/\\\/lingottomusica.it\\\/?s={search_term_string}\"},\"query-input\":{\"@type\":\"PropertyValueSpecification\",\"valueRequired\":true,\"valueName\":\"search_term_string\"}}],\"inLanguage\":\"en-US\"},{\"@type\":\"Organization\",\"@id\":\"https:\\\/\\\/lingottomusica.it\\\/#organization\",\"name\":\"Lingotto Musica\",\"url\":\"https:\\\/\\\/lingottomusica.it\\\/\",\"logo\":{\"@type\":\"ImageObject\",\"inLanguage\":\"en-US\",\"@id\":\"https:\\\/\\\/lingottomusica.it\\\/#\\\/schema\\\/logo\\\/image\\\/\",\"url\":\"https:\\\/\\\/lingottomusica.it\\\/wp-content\\\/uploads\\\/2024\\\/08\\\/lingotto_musica.png\",\"contentUrl\":\"https:\\\/\\\/lingottomusica.it\\\/wp-content\\\/uploads\\\/2024\\\/08\\\/lingotto_musica.png\",\"width\":512,\"height\":512,\"caption\":\"Lingotto Musica\"},\"image\":{\"@id\":\"https:\\\/\\\/lingottomusica.it\\\/#\\\/schema\\\/logo\\\/image\\\/\"},\"sameAs\":[\"https:\\\/\\\/www.facebook.com\\\/LingottoMusica\\\/\"]}]}<\/script>\n<!-- \/ Yoast SEO plugin. -->","yoast_head_json":{"title":"Pierre-Laurent Aimard makes his debut at Lingotto with two Mozart masterpieces - Lingotto Musica","description":"On Tuesday, January 27th at the Auditorium Giovanni Agnelli. The programme celebrates the Viennese Classicism, emerging from the collaboration between Pierre-Laurent Aimard and the CAMERATA Salzburg.","robots":{"index":"index","follow":"follow","max-snippet":"max-snippet:-1","max-image-preview":"max-image-preview:large","max-video-preview":"max-video-preview:-1"},"canonical":"https:\/\/lingottomusica.it\/en\/news\/pierre-laurent-aimard-makes-his-debut-at-lingotto-with-two-mozart-masterpieces\/","og_locale":"en_US","og_type":"article","og_title":"Pierre-Laurent Aimard makes his debut at Lingotto with two Mozart masterpieces - Lingotto Musica","og_description":"On Tuesday, January 27th at the Auditorium Giovanni Agnelli. The programme celebrates the Viennese Classicism, emerging from the collaboration between Pierre-Laurent Aimard and the CAMERATA Salzburg.","og_url":"https:\/\/lingottomusica.it\/en\/news\/pierre-laurent-aimard-makes-his-debut-at-lingotto-with-two-mozart-masterpieces\/","og_site_name":"Lingotto Musica","article_publisher":"https:\/\/www.facebook.com\/LingottoMusica\/","article_modified_time":"2026-01-12T13:19:12+00:00","og_image":[{"width":496,"height":420,"url":"https:\/\/lingottomusica.it\/wp-content\/uploads\/2025\/04\/Airmand-496x420-1.png","type":"image\/png"}],"twitter_card":"summary_large_image","twitter_misc":{"Est. reading time":"3 minutes"},"schema":{"@context":"https:\/\/schema.org","@graph":[{"@type":"WebPage","@id":"https:\/\/lingottomusica.it\/en\/news\/pierre-laurent-aimard-makes-his-debut-at-lingotto-with-two-mozart-masterpieces\/","url":"https:\/\/lingottomusica.it\/en\/news\/pierre-laurent-aimard-makes-his-debut-at-lingotto-with-two-mozart-masterpieces\/","name":"Pierre-Laurent Aimard makes his debut at Lingotto with two Mozart masterpieces - Lingotto Musica","isPartOf":{"@id":"https:\/\/lingottomusica.it\/#website"},"primaryImageOfPage":{"@id":"https:\/\/lingottomusica.it\/en\/news\/pierre-laurent-aimard-makes-his-debut-at-lingotto-with-two-mozart-masterpieces\/#primaryimage"},"image":{"@id":"https:\/\/lingottomusica.it\/en\/news\/pierre-laurent-aimard-makes-his-debut-at-lingotto-with-two-mozart-masterpieces\/#primaryimage"},"thumbnailUrl":"https:\/\/lingottomusica.it\/wp-content\/uploads\/2025\/04\/Airmand-496x420-1.png","datePublished":"2026-01-12T11:31:02+00:00","dateModified":"2026-01-12T13:19:12+00:00","description":"On Tuesday, January 27th at the Auditorium Giovanni Agnelli. The programme celebrates the Viennese Classicism, emerging from the collaboration between Pierre-Laurent Aimard and the CAMERATA Salzburg.","breadcrumb":{"@id":"https:\/\/lingottomusica.it\/en\/news\/pierre-laurent-aimard-makes-his-debut-at-lingotto-with-two-mozart-masterpieces\/#breadcrumb"},"inLanguage":"en-US","potentialAction":[{"@type":"ReadAction","target":["https:\/\/lingottomusica.it\/en\/news\/pierre-laurent-aimard-makes-his-debut-at-lingotto-with-two-mozart-masterpieces\/"]}]},{"@type":"ImageObject","inLanguage":"en-US","@id":"https:\/\/lingottomusica.it\/en\/news\/pierre-laurent-aimard-makes-his-debut-at-lingotto-with-two-mozart-masterpieces\/#primaryimage","url":"https:\/\/lingottomusica.it\/wp-content\/uploads\/2025\/04\/Airmand-496x420-1.png","contentUrl":"https:\/\/lingottomusica.it\/wp-content\/uploads\/2025\/04\/Airmand-496x420-1.png","width":496,"height":420,"caption":"Aimard"},{"@type":"BreadcrumbList","@id":"https:\/\/lingottomusica.it\/en\/news\/pierre-laurent-aimard-makes-his-debut-at-lingotto-with-two-mozart-masterpieces\/#breadcrumb","itemListElement":[{"@type":"ListItem","position":1,"name":"Home","item":"https:\/\/lingottomusica.it\/en\/"},{"@type":"ListItem","position":2,"name":"Pierre-Laurent Aimard makes his debut at Lingotto with two Mozart masterpieces"}]},{"@type":"WebSite","@id":"https:\/\/lingottomusica.it\/#website","url":"https:\/\/lingottomusica.it\/","name":"Lingotto Musica","description":"","publisher":{"@id":"https:\/\/lingottomusica.it\/#organization"},"potentialAction":[{"@type":"SearchAction","target":{"@type":"EntryPoint","urlTemplate":"https:\/\/lingottomusica.it\/?s={search_term_string}"},"query-input":{"@type":"PropertyValueSpecification","valueRequired":true,"valueName":"search_term_string"}}],"inLanguage":"en-US"},{"@type":"Organization","@id":"https:\/\/lingottomusica.it\/#organization","name":"Lingotto Musica","url":"https:\/\/lingottomusica.it\/","logo":{"@type":"ImageObject","inLanguage":"en-US","@id":"https:\/\/lingottomusica.it\/#\/schema\/logo\/image\/","url":"https:\/\/lingottomusica.it\/wp-content\/uploads\/2024\/08\/lingotto_musica.png","contentUrl":"https:\/\/lingottomusica.it\/wp-content\/uploads\/2024\/08\/lingotto_musica.png","width":512,"height":512,"caption":"Lingotto Musica"},"image":{"@id":"https:\/\/lingottomusica.it\/#\/schema\/logo\/image\/"},"sameAs":["https:\/\/www.facebook.com\/LingottoMusica\/"]}]}},"_links":{"self":[{"href":"https:\/\/lingottomusica.it\/en\/wp-json\/wp\/v2\/news\/13200","targetHints":{"allow":["GET"]}}],"collection":[{"href":"https:\/\/lingottomusica.it\/en\/wp-json\/wp\/v2\/news"}],"about":[{"href":"https:\/\/lingottomusica.it\/en\/wp-json\/wp\/v2\/types\/news"}],"wp:featuredmedia":[{"embeddable":true,"href":"https:\/\/lingottomusica.it\/en\/wp-json\/wp\/v2\/media\/13071"}],"wp:attachment":[{"href":"https:\/\/lingottomusica.it\/en\/wp-json\/wp\/v2\/media?parent=13200"}],"wp:term":[{"taxonomy":"categoria-eventi","embeddable":true,"href":"https:\/\/lingottomusica.it\/en\/wp-json\/wp\/v2\/categoria-eventi?post=13200"}],"curies":[{"name":"wp","href":"https:\/\/api.w.org\/{rel}","templated":true}]}}